{"id":1747,"date":"2021-12-11T16:53:38","date_gmt":"2021-12-11T16:53:38","guid":{"rendered":"https:\/\/bbsbux.de\/?p=1747"},"modified":"2023-10-05T08:50:10","modified_gmt":"2023-10-05T08:50:10","slug":"daenemark-austausch-2021","status":"publish","type":"post","link":"https:\/\/bbsbux.de\/?p=1747","title":{"rendered":"D\u00e4nemark-Austausch 2021"},"content":{"rendered":"\n<p>Endlich war es soweit \u2013 am 15. November 2021 begann mit dem Eintreffen der d\u00e4nischen Sch\u00fcler*innen in Buxtehude der sehns\u00fcchtig erwartete und lange vorbereitete D\u00e4nemark-Austausch. Dieser wurde im Rahmen eines ERASMUS+-Projektes zwischen dem d\u00e4nischen Wirtschaftsgymnasium \u201eBusiness College Syd\u201c aus S\u00f8nderborg und dem Beruflichen Gymnasium \u201eWirtschaft\u201c der BBS Buxtehude durchgef\u00fchrt und stand unter dem Motto \u201eWie lebe und arbeite ich nachhaltig?\u201c. Nachdem der f\u00fcr das letzte Schuljahr geplante Austausch coronabedingt leider nicht stattfinden konnte, freuten sich alle Beteiligten umso mehr \u00fcber die Durchf\u00fchrung in diesem Jahr \u2013 mit der Hoffnung, im M\u00e4rz den Gegenbesuch in S\u00f8nderborg ebenfalls durchf\u00fchren zu k\u00f6nnen. F\u00fcr einen Einblick in die ereignisreiche Woche folgt nun ein Bericht der teilnehmenden Sch\u00fclerin Pia Zoch (BGW21A):<\/p>\n\n\n\n<p>In diesem Herbst fand nach einem Jahr Pause der D\u00e4nemark-Austausch zwischen der D\u00e4nemark-Klasse der BBS Buxtehude (BGW21A, unterst\u00fctzt von vier Sch\u00fclern aus der BGW20D) und dem Deutsch-Kurs der 12. Klasse des Business Colleges S\u00f8nderborg, eine Kleinstadt nahe der Grenze zu Deutschland, statt.<br>Die d\u00e4nischen Sch\u00fcler*innen erreichten Buxtehude am Montag, den 15.11.21 gegen 13 Uhr und wurden von unserer Klasse vor der Schule empfangen. Vorher haben wir das Atrium mit Flaggen geschm\u00fcckt und ein Buffet vorbereitet.<br>Nachdem alle ihre Austauschpartner*innen gefunden hatten, sa\u00dfen wir mit den D\u00e4nen im Klassenraum, um zu essen und uns besser kennen zu lernen. Danach ging jeder mit seinem Austauschpartner oder seiner Austauschpartnerin nach Hause, um die Familien vorzustellen und das Zuhause f\u00fcr die n\u00e4chsten Tage zu zeigen. Der Abend wurde ganz unterschiedlich verbracht \u2013 einige zeigten ihrem Austauschpartner oder ihrer Austauschpartnerin die Buxtehuder Innenstadt, andere gingen gemeinsam Essen oder lie\u00dfen den Abend einfach so ausklingen.<br>Am n\u00e4chsten Tag ging es fr\u00fch los. Mit dem Reisebus fuhren wir nach Bremerhaven, um den Tag wie geplant im Klimahaus zu verbringen. Dort angekommen, wurden wir in zwei Gruppen aufgeteilt. F\u00fcr meine Gruppe ging es zuerst auf die sogenannte \u201eReise\u201c, auf der wir viele verschiedene L\u00e4nder und Klimazonen erkundeten und uns mit einem ausgew\u00e4hlten Land n\u00e4her besch\u00e4ftigen konnten.<br>Nach dem gemeinsamen Mittagessen sollten wir verschiedene Aufgaben zum Thema Nachhaltigkeit an digitalen Ger\u00e4ten l\u00f6sen und auf dem Erkundungspfad lernten wir mehr \u00fcber das Thema Klimawandel, auch bezogen auf unsere zuvor gew\u00e4hlten L\u00e4nder. Um 16 Uhr ging es dann zur\u00fcck nach Hause. Abends trafen sich noch einige mit ihren Austauschpartner*innen und Klassenkamerad*innen zu kleinen Sit-Ins.<br>Am n\u00e4chsten Morgen haben wir in der Schule mit den D\u00e4nen einen Podcast zu unseren im Klimahaus untersuchten L\u00e4ndern aufgenommen. Nach dem gemeinsamen Englischunterricht durften wir eine App zum Thema Nachhaltigkeit programmieren und konnten dabei von dem Wissen der D\u00e4nen profitieren.<br>Nachmittags fuhren wir mit der Bahn in Richtung Eissporthalle Harsefeld. Beim Eislaufen konnten wir uns auspowern und die gemeinsame Zeit mit den Austauschpartner*innen genie\u00dfen.<br>Am n\u00e4chsten Tag hie\u00df es dann leider schon wieder Abschied nehmen. Die letzten Stunden verbrachten wir mit den D\u00e4nen in der Schule und hatten dort noch die M\u00f6glichkeit, ein paar Brocken D\u00e4nisch zu lernen und uns \u00fcber die vergangenen Tage auszutauschen.<br>Zu lange m\u00fcssen wir zum Gl\u00fcck nicht auf ein Wiedersehen warten \u2013 im M\u00e4rz steht der Gegenbesuch in S\u00f8nderborg an, auf den wir uns alle sehr freuen.<\/p>\n\n\n\n<p>Pia Zoch<\/p>\n","protected":false},"excerpt":{"rendered":"<p>Endlich war es soweit \u2013 am 15. November 2021 begann mit dem Eintreffen der d\u00e4nischen Sch\u00fcler*innen in Buxtehude der sehns\u00fcchtig erwartete und lange vorbereitete D\u00e4nemark-Austausch. &hellip; <\/p>\n","protected":false},"author":1,"featured_media":1748,"comment_status":"closed","ping_status":"closed","sticky":false,"template":"","format":"standard","meta":{"cybocfi_hide_featured_image":"","footnotes":""},"categories":[2,3],"tags":[],"class_list":["post-1747","post","type-post","status-publish","format-standard","has-post-thumbnail","hentry","category-aktuelles","category-europaaktivitaeten"],"_links":{"self":[{"href":"https:\/\/bbsbux.de\/index.php?rest_route=\/wp\/v2\/posts\/1747","targetHints":{"allow":["GET"]}}],"collection":[{"href":"https:\/\/bbsbux.de\/index.php?rest_route=\/wp\/v2\/posts"}],"about":[{"href":"https:\/\/bbsbux.de\/index.php?rest_route=\/wp\/v2\/types\/post"}],"author":[{"embeddable":true,"href":"https:\/\/bbsbux.de\/index.php?rest_route=\/wp\/v2\/users\/1"}],"replies":[{"embeddable":true,"href":"https:\/\/bbsbux.de\/index.php?rest_route=%2Fwp%2Fv2%2Fcomments&post=1747"}],"version-history":[{"count":2,"href":"https:\/\/bbsbux.de\/index.php?rest_route=\/wp\/v2\/posts\/1747\/revisions"}],"predecessor-version":[{"id":1751,"href":"https:\/\/bbsbux.de\/index.php?rest_route=\/wp\/v2\/posts\/1747\/revisions\/1751"}],"wp:featuredmedia":[{"embeddable":true,"href":"https:\/\/bbsbux.de\/index.php?rest_route=\/wp\/v2\/media\/1748"}],"wp:attachment":[{"href":"https:\/\/bbsbux.de\/index.php?rest_route=%2Fwp%2Fv2%2Fmedia&parent=1747"}],"wp:term":[{"taxonomy":"category","embeddable":true,"href":"https:\/\/bbsbux.de\/index.php?rest_route=%2Fwp%2Fv2%2Fcategories&post=1747"},{"taxonomy":"post_tag","embeddable":true,"href":"https:\/\/bbsbux.de\/index.php?rest_route=%2Fwp%2Fv2%2Ftags&post=1747"}],"curies":[{"name":"wp","href":"https:\/\/api.w.org\/{rel}","templated":true}]}}