{"id":2079,"date":"2022-02-07T20:33:14","date_gmt":"2022-02-07T20:33:14","guid":{"rendered":"https:\/\/bbsbux.de\/?p=2079"},"modified":"2023-10-05T08:49:39","modified_gmt":"2023-10-05T08:49:39","slug":"digitales-europa-cafe-antwort-aus-bruessel","status":"publish","type":"post","link":"https:\/\/bbsbux.de\/?p=2079","title":{"rendered":"Digitales Europa-Caf\u00e9 \u2013 Antwort aus Br\u00fcssel"},"content":{"rendered":"\n<p>Sch\u00fclerinnen und Sch\u00fcler der BGW20D, verst\u00e4rkt durch Teile der BGW20A im Rahmen einer Veranstaltungsreihe von \u201eEUROPE DIRECT L\u00fcneburg\u201c hatten die M\u00f6glichkeit, an einem digitalen Europacaf\u00e9 teilzunehmen. Durchgef\u00fchrt wurde der Workshop von \u201eplanpolitik GbR\u201c.<\/p>\n\n\n\n<p>Nach einer Vorstellung der Arbeit von \u201eEUROPE DIRECT L\u00fcneburg\u201c und einer kurzen Auffrischung des Wissens \u00fcber die Grundlagen der EU hatten die Sch\u00fcler*innen zun\u00e4chst die M\u00f6glichkeit, sich in einem digitalen Gallerywalk \u00fcber Ideen zu Teilhabe an der EU, Demokratie in der EU, Auseinandersetzung mit Herausforderungen der EU und Chancen der Europ\u00e4ischen Zusammenarbeit auszutauschen.<\/p>\n\n\n\n<figure class=\"wp-block-image size-full is-resized\"><img loading=\"lazy\" decoding=\"async\" src=\"https:\/\/bbsbux.de\/wp-content\/uploads\/2022\/02\/europacafe-1.png\" alt=\"\" class=\"wp-image-2082\" style=\"width:851px;height:241px\" width=\"851\" height=\"241\" srcset=\"https:\/\/bbsbux.de\/wp-content\/uploads\/2022\/02\/europacafe-1.png 652w, https:\/\/bbsbux.de\/wp-content\/uploads\/2022\/02\/europacafe-1-300x85.png 300w\" sizes=\"auto, (max-width: 851px) 100vw, 851px\" \/><figcaption class=\"wp-element-caption\">Bilder: Europe direct, L\u00fcneburg<\/figcaption><\/figure>\n\n\n\n<p>Anschlie\u00dfend wurden in f\u00fcnf Gruppen Forderungen an die EU formuliert:<\/p>\n\n\n\n<ol class=\"wp-block-list\" type=\"1\">\n<li>\u201eF\u00fcr die EU sollte der Umweltschutz eine gr\u00f6\u00dfere Priorit\u00e4t haben als die Wirtschaft\u201c<\/li>\n\n\n\n<li>\u201eDie EU-L\u00e4nder m\u00fcssen sich an die gemeinsamen Regeln (Demokratie!) halten. Tut das ein Land nicht, muss es Konsequenzen geben.\u201c<\/li>\n\n\n\n<li>\u201eEs sollte eine App geben \u00fcber die EU-B\u00fcrger*innen lokal, national und auf EU-Ebene in geheimer Wahl \u00fcber politische Themen abstimmen k\u00f6nnen sollten.\u201c<\/li>\n\n\n\n<li>\u201eDie Schulen m\u00fcssen EU-weit modernisiert werden, damit Europa bei der Digitalisierung nicht zur\u00fcckbleibt.\u201c<\/li>\n\n\n\n<li>\u201eEs muss mehr Mitsprache bei politischen Entscheidungen durch Foren im Internet oder Volksabstimmungen geben, zum Beispiel bei den Themen Klimawandel oder Wirtschaftspolitik.\u201c<\/li>\n<\/ol>\n\n\n\n<p>Die Forderungen wurden an Europaabgeordnete geschickt und fast vergessen\u2026<\/p>\n\n\n\n<p>Zu den Herbstferien kam eine Antwort aus dem Europ\u00e4ischen Parlament: David McAllister (CDU) und Tiemo W\u00f6lken (SPD) schickten jeweils eine Videobotschaft, in der sie auf die Forderungen eingingen. Unsere Sch\u00fclerin Amelie Blessing (BGW20D) schreibt hierzu:<\/p>\n\n\n\n<p>\u201eMcAlister ging auf unsere Forderungen ein. Er erz\u00e4hlt unter anderem, wie sie im Juni 2021 ein Klimagesetz verabschiedet haben, in dem Europa bis sp\u00e4testens 2050 der erste klimaneutrale Kontinent unserer Erde werden wird. Der \u201eEuropean Green Deal\u201c ist mit einer der wichtigsten Zukunftsprojekte, wo sie bis 2030 unsere Emissionen um 55% senken wollen.<\/p>\n\n\n\n<p>Auch ging er auf die Rechtsstaatlichkeit ein, denn es gibt seit dem 1. Januar schon genau so einen Mechanismus. Denn jetzt k\u00f6nnen Mitgliedsstaaten die finanziellen Mittel gek\u00fcrzt werden.<\/p>\n\n\n\n<p>Bei unserem Punkt mit einer App, meinte McAllister, dass es sowas in der Art schon geben w\u00fcrde. Die sogenannte \u201eKonferenz zur Zukunft Europas\u201c ist ein Forum, f\u00fcr Debatten und Diskussionen, bei den B\u00fcrger*innen, die Zivilgesellschaft, Vertreter der Parlamente und die Institutionen zusammenkommen. Das Ziel ist neuer Schwung f\u00fcr das europ\u00e4ische Projekt und eine st\u00e4rkere europ\u00e4ische Demokratie.<\/p>\n\n\n\n<p>Falls ihr mal die Seite auschecken wollt, findet ihr diese unter <a href=\"https:\/\/futureu.europa.eu\/\">https:\/\/futureu.europa.eu\/<\/a> !<\/p>\n\n\n\n<p>Tiemo W\u00f6lken ging auf alle Punkte ein, aber im Grunde hat er das gleiche gesagt, wie McAllister nur eine Spur ausf\u00fchrlicher.<\/p>\n\n\n\n<p>Nach den Videobotschaften kann man gut erkennen, dass die EU eigentlich das schon gemacht und umgesetzt hatte, wie wir Sch\u00fcler*innen uns das erhofft haben. Das ganze Projekt hat viel Spa\u00df gemacht, da es mal was anderes war, man selber nachdenken und \u00fcberlegen sollte. Sich einfach mal mit Ideen austoben und schauen worauf so die anderen gekommen sind, wo man selbst nie den Einfall dazu h\u00e4tte und was \u00fcberhaupt realistisch sei und umsetzbar ist.\u201c<\/p>\n","protected":false},"excerpt":{"rendered":"<p>Sch\u00fclerinnen und Sch\u00fcler der BGW20D, verst\u00e4rkt durch Teile der BGW20A im Rahmen einer Veranstaltungsreihe von \u201eEUROPE DIRECT L\u00fcneburg\u201c hatten die M\u00f6glichkeit, an einem digitalen Europacaf\u00e9 &hellip; <\/p>\n","protected":false},"author":1,"featured_media":0,"comment_status":"closed","ping_status":"open","sticky":false,"template":"","format":"standard","meta":{"cybocfi_hide_featured_image":"","footnotes":""},"categories":[2,3],"tags":[],"class_list":["post-2079","post","type-post","status-publish","format-standard","hentry","category-aktuelles","category-europaaktivitaeten"],"_links":{"self":[{"href":"https:\/\/bbsbux.de\/index.php?rest_route=\/wp\/v2\/posts\/2079","targetHints":{"allow":["GET"]}}],"collection":[{"href":"https:\/\/bbsbux.de\/index.php?rest_route=\/wp\/v2\/posts"}],"about":[{"href":"https:\/\/bbsbux.de\/index.php?rest_route=\/wp\/v2\/types\/post"}],"author":[{"embeddable":true,"href":"https:\/\/bbsbux.de\/index.php?rest_route=\/wp\/v2\/users\/1"}],"replies":[{"embeddable":true,"href":"https:\/\/bbsbux.de\/index.php?rest_route=%2Fwp%2Fv2%2Fcomments&post=2079"}],"version-history":[{"count":3,"href":"https:\/\/bbsbux.de\/index.php?rest_route=\/wp\/v2\/posts\/2079\/revisions"}],"predecessor-version":[{"id":3047,"href":"https:\/\/bbsbux.de\/index.php?rest_route=\/wp\/v2\/posts\/2079\/revisions\/3047"}],"wp:attachment":[{"href":"https:\/\/bbsbux.de\/index.php?rest_route=%2Fwp%2Fv2%2Fmedia&parent=2079"}],"wp:term":[{"taxonomy":"category","embeddable":true,"href":"https:\/\/bbsbux.de\/index.php?rest_route=%2Fwp%2Fv2%2Fcategories&post=2079"},{"taxonomy":"post_tag","embeddable":true,"href":"https:\/\/bbsbux.de\/index.php?rest_route=%2Fwp%2Fv2%2Ftags&post=2079"}],"curies":[{"name":"wp","href":"https:\/\/api.w.org\/{rel}","templated":true}]}}