{"id":3497,"date":"2024-09-10T08:07:00","date_gmt":"2024-09-10T08:07:00","guid":{"rendered":"https:\/\/bbsbux.de\/?p=3497"},"modified":"2024-09-23T09:01:58","modified_gmt":"2024-09-23T09:01:58","slug":"kursfahrt-nach-bruessel-belgien-der-bgt23a-bgw23a-bgw23b","status":"publish","type":"post","link":"https:\/\/bbsbux.de\/?p=3497","title":{"rendered":"Kursfahrt nach Br\u00fcssel \/ Belgien mit den 12. Klassen der Beruflichen Gymnasien Wirtschaft und Technik"},"content":{"rendered":"\n<p>1. Tag: Am Montag, dem 9. September 2024, Punkt 7:00 Uhr fuhren wir mit einem vom Jugendoffizier L\u00fcneburg, Hauptmann Tom Henke, organisierten Bus zu einer 4-t\u00e4gigen Informationsfahrt nach Br\u00fcssel. Auf der Fahrt ab Buxtehude nahmen wir noch 16 Teilnehmer\/innen der Christlichen Schule Nordheide, Buchholz, auf.<br>Gegen 13 Uhr kamen wir beim &#8222;Weltraumkommando der Bundeswehr&#8220; in Uedem\/Kalkar (NRW) an. Dort haben wir uns eine informative Pr\u00e4sentation des Generalmajor Michael Traut angeh\u00f6rt, der uns die Aufgaben des Weltraumkommandos (Weltraum-\/Aufkl\u00e4rung, Wetter-Beratung\/ \u00dcberwachung\/ BND) erkl\u00e4rte. Wir haben gelernt, dass milit\u00e4rische Strategien einen gro\u00dfen Einfluss auf den Weltraum haben und jeder Mensch in seinem Alltag ohne die Unterst\u00fctzung des Weltraumkommandos nicht einmal das Licht anmachen oder das Handy ungest\u00f6rt nutzen k\u00f6nnte (GPS\/Ausfall).<br>Um ca. 15:30 Uhr setzten wir uns wieder Richtung Br\u00fcssel in Bewegung. 20:30 Uhr erreichten wir unser Hotel.<\/p>\n\n\n\n<p>2. Tag: Nachdem uns das Sicherheitspersonal des NATO-Hauptquartiers \u201eSupreme Headquarters Allied Powers Europe\u201c kurz \u201eSHAPE\u201c &nbsp;kontrolliert hatte, betraten wir den Sicherheitsbereich. Major Robert Herman, Polen, stellte uns die grundlegenden Strukturen der NATO (32 Nationen) vor. Er sprach \u00fcber den historischen Ursprung der NATO am Beispiel der Berliner Luftbr\u00fccke, bei der die westlichen Alliierten die Versorgung Berlins sicherten und sich somit zusammen gegen die Sowjetunion gestellt haben.<br>Anschlie\u00dfend \u00fcbernahm Oberstleutnant Schneider der Bundeswehr (Kommunikationsoffizier) die Pr\u00e4sentation. Er beantwortete unsere zahlreichen Fragen zu Politik und Strategie der NATO. Fragen rund um Russland standen dabei im Vordergrund. Gro\u00dfe Sorge bereiteten ihm die Landtagswahl in Brandenburg sowie die Ergebnisse in Sachsen und Th\u00fcringen, weil bei einer m\u00f6glichen geringeren Finanzierung der Streitkr\u00e4fte \u201edas derzeitige Gefechtsfeld n\u00e4her&#8220; r\u00fccken w\u00fcrde.<br>Ein weiteres Thema waren die Auswirkungen auf das Leben in Deutschland, wenn die Bundeswehr nicht in dem Ma\u00dfe wie heute zur Verf\u00fcgung stehen w\u00fcrde und die Wichtigkeit der ehrenamtlichen Beteiligung der Bev\u00f6lkerung. Der abschlie\u00dfende Fototermin vor dem Hauptgeb\u00e4ude rundete den Besuch ab.<\/p>\n\n\n<div class=\"wp-block-image\">\n<figure class=\"aligncenter size-full is-resized\"><img loading=\"lazy\" decoding=\"async\" width=\"800\" height=\"732\" src=\"https:\/\/bbsbux.de\/wp-content\/uploads\/2024\/09\/nato-hq.jpg\" alt=\"\" class=\"wp-image-3501\" style=\"width:519px;height:auto\" srcset=\"https:\/\/bbsbux.de\/wp-content\/uploads\/2024\/09\/nato-hq.jpg 800w, https:\/\/bbsbux.de\/wp-content\/uploads\/2024\/09\/nato-hq-300x275.jpg 300w, https:\/\/bbsbux.de\/wp-content\/uploads\/2024\/09\/nato-hq-768x703.jpg 768w\" sizes=\"auto, (max-width: 800px) 100vw, 800px\" \/><figcaption class=\"wp-element-caption\">Lehrkr\u00e4fte und Sch\u00fcler\/innen im Nato Hauptquartier, Br\u00fcssel<\/figcaption><\/figure>\n<\/div>\n\n\n<p>3. Tag: Auf der R\u00fcckreise der vom Jugendoffizier Tom Henke durchgef\u00fchrten Br\u00fcssel-Fahrt  hielten wir beim JAPCC (Joint Air Power Competence Center), Kalkar. Im Hauptteil des Vortrages von Oberst M. M\u00fcller, Oberstleutnant Wartenberg und dem Hauptmann Moldenhauer ging es um hybride Kriegsf\u00fchrung. Dies beschreibt den Einsatz der wichtigsten Einflussma\u00dfnahmen in einer modernen Kriegsf\u00fchrung (informatorische, humanit\u00e4re, geheime, digitale) zus\u00e4tzlich zu den klassischen Mitteln der Politik (politisch, milit\u00e4risch, wirtschaftlich).<br>Bei der hybriden Kriegsf\u00fchrung werden diese Einflussm\u00f6glichkeiten anstelle milit\u00e4rischer Einsatzmittel genutzt, um den \u00f6konomischen und sozialen Zusammenhalt zu zersetzen. Zum Beispiel werden durch permanente russische Propaganda, vor allem in sozialen Medien, extremistische Parteien gest\u00e4rkt. Daher wurden wir gewarnt sehr vorsichtig mit unseren pers\u00f6nlichen Daten umzugehen, um als Gesellschaft widerstandsf\u00e4hig zu sein und unsere Demokratie zu verteidigen.<\/p>\n\n\n<div class=\"wp-block-image\">\n<figure class=\"aligncenter size-full\"><img loading=\"lazy\" decoding=\"async\" width=\"800\" height=\"538\" src=\"https:\/\/bbsbux.de\/wp-content\/uploads\/2024\/09\/Europ_parl.jpg\" alt=\"\" class=\"wp-image-3509\" srcset=\"https:\/\/bbsbux.de\/wp-content\/uploads\/2024\/09\/Europ_parl.jpg 800w, https:\/\/bbsbux.de\/wp-content\/uploads\/2024\/09\/Europ_parl-300x202.jpg 300w, https:\/\/bbsbux.de\/wp-content\/uploads\/2024\/09\/Europ_parl-768x516.jpg 768w\" sizes=\"auto, (max-width: 800px) 100vw, 800px\" \/><figcaption class=\"wp-element-caption\">Im Europa-Parlament: Sch\u00fclerinnen und Sch\u00fcler der 12. Klassen der Beruflichen Gymnasien Technik und Wirtschaft, zusammen mit Studienrat Henning Fuhrken (2.v.l.) und rechts Studienr\u00e4tin Katja Fr\u00f6hling, die diese Fahrt geplant und durchgef\u00fchrt haben.<\/figcaption><\/figure>\n<\/div>\n\n\n<p><a href=\"https:\/\/www.kreiszeitung-wochenblatt.de\/buchholz\/c-panorama\/schueler-besuchen-nato-und-bundeswehr_a332398\" target=\"_blank\" rel=\"noreferrer noopener\"><strong>Zeitungsbericht<\/strong><\/a> \u00fcber die Fahrt nach Br\u00fcssel<\/p>\n\n\n\n<p><\/p>\n","protected":false},"excerpt":{"rendered":"<p>1. Tag: Am Montag, dem 9. September 2024, Punkt 7:00 Uhr fuhren wir mit einem vom Jugendoffizier L\u00fcneburg, Hauptmann Tom Henke, organisierten Bus zu einer &hellip; <\/p>\n","protected":false},"author":1,"featured_media":3499,"comment_status":"closed","ping_status":"open","sticky":false,"template":"","format":"standard","meta":{"cybocfi_hide_featured_image":"","footnotes":""},"categories":[2,3],"tags":[],"class_list":["post-3497","post","type-post","status-publish","format-standard","has-post-thumbnail","hentry","category-aktuelles","category-europaaktivitaeten"],"_links":{"self":[{"href":"https:\/\/bbsbux.de\/index.php?rest_route=\/wp\/v2\/posts\/3497","targetHints":{"allow":["GET"]}}],"collection":[{"href":"https:\/\/bbsbux.de\/index.php?rest_route=\/wp\/v2\/posts"}],"about":[{"href":"https:\/\/bbsbux.de\/index.php?rest_route=\/wp\/v2\/types\/post"}],"author":[{"embeddable":true,"href":"https:\/\/bbsbux.de\/index.php?rest_route=\/wp\/v2\/users\/1"}],"replies":[{"embeddable":true,"href":"https:\/\/bbsbux.de\/index.php?rest_route=%2Fwp%2Fv2%2Fcomments&post=3497"}],"version-history":[{"count":9,"href":"https:\/\/bbsbux.de\/index.php?rest_route=\/wp\/v2\/posts\/3497\/revisions"}],"predecessor-version":[{"id":3531,"href":"https:\/\/bbsbux.de\/index.php?rest_route=\/wp\/v2\/posts\/3497\/revisions\/3531"}],"wp:featuredmedia":[{"embeddable":true,"href":"https:\/\/bbsbux.de\/index.php?rest_route=\/wp\/v2\/media\/3499"}],"wp:attachment":[{"href":"https:\/\/bbsbux.de\/index.php?rest_route=%2Fwp%2Fv2%2Fmedia&parent=3497"}],"wp:term":[{"taxonomy":"category","embeddable":true,"href":"https:\/\/bbsbux.de\/index.php?rest_route=%2Fwp%2Fv2%2Fcategories&post=3497"},{"taxonomy":"post_tag","embeddable":true,"href":"https:\/\/bbsbux.de\/index.php?rest_route=%2Fwp%2Fv2%2Ftags&post=3497"}],"curies":[{"name":"wp","href":"https:\/\/api.w.org\/{rel}","templated":true}]}}