{"id":3521,"date":"2024-09-20T11:37:41","date_gmt":"2024-09-20T11:37:41","guid":{"rendered":"https:\/\/bbsbux.de\/?p=3521"},"modified":"2024-10-13T07:37:59","modified_gmt":"2024-10-13T07:37:59","slug":"praemierungsveranstaltung-zur-umweltschule-in-europa-internationale-nachhaltigkeitsschule-2022-2024","status":"publish","type":"post","link":"https:\/\/bbsbux.de\/?p=3521","title":{"rendered":"Pr\u00e4mierungsveranstaltung zur Umweltschule in Europa \/ Internationale Nachhaltigkeitsschule 2022 &#8211; 2024"},"content":{"rendered":"\n<p>Mit viel Stolz haben die BBS Buxtehude wieder an der diesj\u00e4hrigen Pr\u00e4mierungsveranstaltung am Kiekeberg zur Umweltschule in Europa \/ Internationale Nachhaltigkeitsschule teilgenommen und eine Auszeichnung erhalten. Durch ein einj\u00e4hriges internationales Projekt mit der Schule X in Bielsko-Biala (Polen) zum Thema &#8222;Der Wald \u00fcber L\u00e4ndergrenzen hinweg &#8211; M\u00f6glichkeiten und Grenzen, und dessen Kaskadennutzung&#8220; haben die BBS Buxtehude zus\u00e4tzlich den Preis &#8222;Eco-School&#8220; erhalten.<\/p>\n\n\n\n<figure class=\"wp-block-image size-large\"><img loading=\"lazy\" decoding=\"async\" width=\"1024\" height=\"597\" src=\"https:\/\/bbsbux.de\/wp-content\/uploads\/2024\/09\/Praemierung_24_bearbeitet-1024x597.png\" alt=\"\" class=\"wp-image-3523\" srcset=\"https:\/\/bbsbux.de\/wp-content\/uploads\/2024\/09\/Praemierung_24_bearbeitet-1024x597.png 1024w, https:\/\/bbsbux.de\/wp-content\/uploads\/2024\/09\/Praemierung_24_bearbeitet-300x175.png 300w, https:\/\/bbsbux.de\/wp-content\/uploads\/2024\/09\/Praemierung_24_bearbeitet-768x448.png 768w, https:\/\/bbsbux.de\/wp-content\/uploads\/2024\/09\/Praemierung_24_bearbeitet.png 1204w\" sizes=\"auto, (max-width: 1024px) 100vw, 1024px\" \/><\/figure>\n\n\n\n<p>Wir danken sehr f\u00fcr eine gelungene Zusammenarbeit, tollen Inhalten, Exkursionen und tollen Austausch \u00fcber L\u00e4ndergrenzen hinweg!<\/p>\n\n\n\n<p>Zespol Szkol Ekonomicznych<br>im. Michala Kaleckiego<br>Komorowicka 27,<br>43-300 Bielsko-Biala (Polen)<\/p>\n","protected":false},"excerpt":{"rendered":"<p>Mit viel Stolz haben die BBS Buxtehude wieder an der diesj\u00e4hrigen Pr\u00e4mierungsveranstaltung am Kiekeberg zur Umweltschule in Europa \/ Internationale Nachhaltigkeitsschule teilgenommen und eine Auszeichnung &hellip; <\/p>\n","protected":false},"author":6,"featured_media":3522,"comment_status":"closed","ping_status":"open","sticky":false,"template":"","format":"standard","meta":{"cybocfi_hide_featured_image":"","footnotes":""},"categories":[2,3,31],"tags":[],"class_list":["post-3521","post","type-post","status-publish","format-standard","has-post-thumbnail","hentry","category-aktuelles","category-europaaktivitaeten","category-umweltschule"],"_links":{"self":[{"href":"https:\/\/bbsbux.de\/index.php?rest_route=\/wp\/v2\/posts\/3521","targetHints":{"allow":["GET"]}}],"collection":[{"href":"https:\/\/bbsbux.de\/index.php?rest_route=\/wp\/v2\/posts"}],"about":[{"href":"https:\/\/bbsbux.de\/index.php?rest_route=\/wp\/v2\/types\/post"}],"author":[{"embeddable":true,"href":"https:\/\/bbsbux.de\/index.php?rest_route=\/wp\/v2\/users\/6"}],"replies":[{"embeddable":true,"href":"https:\/\/bbsbux.de\/index.php?rest_route=%2Fwp%2Fv2%2Fcomments&post=3521"}],"version-history":[{"count":4,"href":"https:\/\/bbsbux.de\/index.php?rest_route=\/wp\/v2\/posts\/3521\/revisions"}],"predecessor-version":[{"id":3530,"href":"https:\/\/bbsbux.de\/index.php?rest_route=\/wp\/v2\/posts\/3521\/revisions\/3530"}],"wp:featuredmedia":[{"embeddable":true,"href":"https:\/\/bbsbux.de\/index.php?rest_route=\/wp\/v2\/media\/3522"}],"wp:attachment":[{"href":"https:\/\/bbsbux.de\/index.php?rest_route=%2Fwp%2Fv2%2Fmedia&parent=3521"}],"wp:term":[{"taxonomy":"category","embeddable":true,"href":"https:\/\/bbsbux.de\/index.php?rest_route=%2Fwp%2Fv2%2Fcategories&post=3521"},{"taxonomy":"post_tag","embeddable":true,"href":"https:\/\/bbsbux.de\/index.php?rest_route=%2Fwp%2Fv2%2Ftags&post=3521"}],"curies":[{"name":"wp","href":"https:\/\/api.w.org\/{rel}","templated":true}]}}