{"id":3833,"date":"2025-03-07T14:47:50","date_gmt":"2025-03-07T14:47:50","guid":{"rendered":"https:\/\/bbsbux.de\/?p=3833"},"modified":"2025-03-07T14:51:41","modified_gmt":"2025-03-07T14:51:41","slug":"besuch-des-niedersaechsischen-vizepraesidenten-herrn-nacke","status":"publish","type":"post","link":"https:\/\/bbsbux.de\/?p=3833","title":{"rendered":"Besuch des Nieders\u00e4chsischen stellvertretenden Landtagspr\u00e4sidenten, Herrn Nacke"},"content":{"rendered":"\n<p>Am Montag, den 3. M\u00e4rz 2025, hatten wir die Gelegenheit, Herrn Nacke, den Vizepr\u00e4sidenten des Nieders\u00e4chsischen Landtags, an unserer Schule zu treffen. Er hat sich eine ganze Doppelstunde Zeit genommen, um uns, den Sch\u00fclerinnen und Sch\u00fclern des 11. Jahrgangs der Beruflichen Gymnasien sowie den Klassen BPAS23 und FKUE23, viele Fragen zu beantworten.<\/p>\n\n\n\n<p>Es war spannend, direkt mit einem hochrangigen Politiker zu sprechen! Herr Nacke war sehr offen und hat uns viel \u00fcber sich selbst, den Landtag und die vergangenen Bundestagswahlen erz\u00e4hlt. Die Atmosph\u00e4re war sehr entspannt, und wir haben aufmerksam zugeh\u00f6rt.<\/p>\n\n\n\n<p>Was uns besonders aufgefallen ist: Trotz der langen Zeit, die wir hatten, um Fragen zu stellen, hatten wir bis zum Schluss noch einige offene Fragen. Das zeigt, wie interessiert wir an den aktuellen politischen Themen sind und wie wichtig es uns ist, unsere Meinungen und Sorgen zu \u00e4u\u00dfern.<\/p>\n\n\n\n<p>Der Besuch von Herrn Nacke war eine tolle Gelegenheit, um mehr \u00fcber die Politik zu lernen und zu verstehen, wie sie uns als B\u00fcrgerinnen und B\u00fcrger betrifft. Wir bedanken uns ganz herzlich bei ihm f\u00fcr seinen Besuch und die interessanten Gespr\u00e4che. Solche M\u00f6glichkeiten sind wichtig, um uns zu motivieren, uns mehr mit der Politik auseinanderzusetzen und unsere Stimmen zu erheben!<\/p>\n","protected":false},"excerpt":{"rendered":"<p>Am Montag, den 3. M\u00e4rz 2025, hatten wir die Gelegenheit, Herrn Nacke, den Vizepr\u00e4sidenten des Nieders\u00e4chsischen Landtags, an unserer Schule zu treffen. Er hat sich &hellip; <\/p>\n","protected":false},"author":1,"featured_media":3834,"comment_status":"closed","ping_status":"open","sticky":false,"template":"","format":"standard","meta":{"cybocfi_hide_featured_image":"","footnotes":""},"categories":[2],"tags":[],"class_list":["post-3833","post","type-post","status-publish","format-standard","has-post-thumbnail","hentry","category-aktuelles"],"_links":{"self":[{"href":"https:\/\/bbsbux.de\/index.php?rest_route=\/wp\/v2\/posts\/3833","targetHints":{"allow":["GET"]}}],"collection":[{"href":"https:\/\/bbsbux.de\/index.php?rest_route=\/wp\/v2\/posts"}],"about":[{"href":"https:\/\/bbsbux.de\/index.php?rest_route=\/wp\/v2\/types\/post"}],"author":[{"embeddable":true,"href":"https:\/\/bbsbux.de\/index.php?rest_route=\/wp\/v2\/users\/1"}],"replies":[{"embeddable":true,"href":"https:\/\/bbsbux.de\/index.php?rest_route=%2Fwp%2Fv2%2Fcomments&post=3833"}],"version-history":[{"count":2,"href":"https:\/\/bbsbux.de\/index.php?rest_route=\/wp\/v2\/posts\/3833\/revisions"}],"predecessor-version":[{"id":3837,"href":"https:\/\/bbsbux.de\/index.php?rest_route=\/wp\/v2\/posts\/3833\/revisions\/3837"}],"wp:featuredmedia":[{"embeddable":true,"href":"https:\/\/bbsbux.de\/index.php?rest_route=\/wp\/v2\/media\/3834"}],"wp:attachment":[{"href":"https:\/\/bbsbux.de\/index.php?rest_route=%2Fwp%2Fv2%2Fmedia&parent=3833"}],"wp:term":[{"taxonomy":"category","embeddable":true,"href":"https:\/\/bbsbux.de\/index.php?rest_route=%2Fwp%2Fv2%2Fcategories&post=3833"},{"taxonomy":"post_tag","embeddable":true,"href":"https:\/\/bbsbux.de\/index.php?rest_route=%2Fwp%2Fv2%2Ftags&post=3833"}],"curies":[{"name":"wp","href":"https:\/\/api.w.org\/{rel}","templated":true}]}}