{"id":3978,"date":"2025-07-07T10:11:41","date_gmt":"2025-07-07T10:11:41","guid":{"rendered":"https:\/\/bbsbux.de\/?p=3978"},"modified":"2025-07-07T10:11:41","modified_gmt":"2025-07-07T10:11:41","slug":"projektwoche-essen-fuer-einen-guten-zweck","status":"publish","type":"post","link":"https:\/\/bbsbux.de\/?p=3978","title":{"rendered":"Projektwoche \u201eEssen f\u00fcr einen guten Zweck\u201c"},"content":{"rendered":"\n<p>Kurz vor unserem Examen haben wir, die Sch\u00fcler*innen der Berufsfachschule Pflegeassistenz Klasse 2, in der Woche vom 16. bis 19. Juni 2025 eine spannende Projektwoche durchgef\u00fchrt. An vier Tagen legten wir, jeweils in Gruppen von drei Sch\u00fclerinnen und Sch\u00fclern, kraftvoll Hand an und unterst\u00fctzten die Tafel Buxtehude.<br>W\u00e4hrend dieses Sozialprojektes sammelten wir wertvolle Erfahrungen und erhielten tiefere Einblicke in die wichtige Arbeit der Tafel. Wir lernten nicht nur die Bedeutung von sozialem Engagement kennen, sondern hatten auch die M\u00f6glichkeit, aktiv dazu beizutragen, Menschen in unserer Gemeinde zu unterst\u00fctzen.<br>F\u00fcr diejenigen von uns, die w\u00e4hrend dieser Zeit nicht direkt in der Tafel t\u00e4tig waren, gab es eine weitere M\u00f6glichkeit, sich zu engagieren: Wir halfen tatkr\u00e4ftig beim Waffelverkauf \u201eEssen f\u00fcr einen guten Zweck\u201c in der Schule. Mit viel Enthusiasmus und Teamgeist erzielten wir einen bemerkenswerten Erl\u00f6s, der ebenfalls der Tafel Buxtehude zugutekommt.<br>Dank unserer gemeinsamen Anstrengungen und der Gro\u00dfz\u00fcgigkeit aller Beteiligten ist es uns gelungen, eine Summe von \u00fcber 161,46 Euro zu sammeln. Diese Spenden werden dazu beitragen, die wichtigen Hilfsangebote der Tafel in Buxtehude weiter auszubauen und bed\u00fcrftigen Menschen in der Region zu helfen.<br><br>Wir sind stolz auf unser Engagement und die wertvollen Erfahrungen, die wir w\u00e4hrend der Projektwoche sammeln konnten. Ein herzliches Dankesch\u00f6n an alle, die mitgeholfen haben, dieses Projekt erfolgreich umzusetzen!<\/p>\n","protected":false},"excerpt":{"rendered":"<p>Kurz vor unserem Examen haben wir, die Sch\u00fcler*innen der Berufsfachschule Pflegeassistenz Klasse 2, in der Woche vom 16. bis 19. Juni 2025 eine spannende Projektwoche &hellip; <\/p>\n","protected":false},"author":1,"featured_media":3979,"comment_status":"closed","ping_status":"open","sticky":false,"template":"","format":"standard","meta":{"cybocfi_hide_featured_image":"","footnotes":""},"categories":[2],"tags":[],"class_list":["post-3978","post","type-post","status-publish","format-standard","has-post-thumbnail","hentry","category-aktuelles"],"_links":{"self":[{"href":"https:\/\/bbsbux.de\/index.php?rest_route=\/wp\/v2\/posts\/3978","targetHints":{"allow":["GET"]}}],"collection":[{"href":"https:\/\/bbsbux.de\/index.php?rest_route=\/wp\/v2\/posts"}],"about":[{"href":"https:\/\/bbsbux.de\/index.php?rest_route=\/wp\/v2\/types\/post"}],"author":[{"embeddable":true,"href":"https:\/\/bbsbux.de\/index.php?rest_route=\/wp\/v2\/users\/1"}],"replies":[{"embeddable":true,"href":"https:\/\/bbsbux.de\/index.php?rest_route=%2Fwp%2Fv2%2Fcomments&post=3978"}],"version-history":[{"count":1,"href":"https:\/\/bbsbux.de\/index.php?rest_route=\/wp\/v2\/posts\/3978\/revisions"}],"predecessor-version":[{"id":3980,"href":"https:\/\/bbsbux.de\/index.php?rest_route=\/wp\/v2\/posts\/3978\/revisions\/3980"}],"wp:featuredmedia":[{"embeddable":true,"href":"https:\/\/bbsbux.de\/index.php?rest_route=\/wp\/v2\/media\/3979"}],"wp:attachment":[{"href":"https:\/\/bbsbux.de\/index.php?rest_route=%2Fwp%2Fv2%2Fmedia&parent=3978"}],"wp:term":[{"taxonomy":"category","embeddable":true,"href":"https:\/\/bbsbux.de\/index.php?rest_route=%2Fwp%2Fv2%2Fcategories&post=3978"},{"taxonomy":"post_tag","embeddable":true,"href":"https:\/\/bbsbux.de\/index.php?rest_route=%2Fwp%2Fv2%2Ftags&post=3978"}],"curies":[{"name":"wp","href":"https:\/\/api.w.org\/{rel}","templated":true}]}}